{"id":22207,"date":"2022-06-08T15:34:43","date_gmt":"2022-06-08T18:34:43","guid":{"rendered":"http:\/\/astrono.olhartech.com\/?p=22207"},"modified":"2025-07-15T08:05:04","modified_gmt":"2025-07-15T11:05:04","slug":"municipios-pernambucanos-registraram-neblina-nos-dias-07-e-08-de-junho","status":"publish","type":"post","link":"https:\/\/olhartech.com\/olharverso\/municipios-pernambucanos-registraram-neblina-nos-dias-07-e-08-de-junho\/","title":{"rendered":"Munic\u00edpios pernambucanos registraram neblina nos dias (07) e (08) de junho"},"content":{"rendered":"\n<p>Alguns munic\u00edpios pernambucanos registraram neblina nesta ter\u00e7a-feira (07) e hoje (08). A neblina \u00e9 a condensa\u00e7\u00e3o do ar pr\u00f3ximo \u00e0 superf\u00edcie. Para ocorrer precisa da jun\u00e7\u00e3o de 3 fatores:<\/p>\n\n\n\n<p>1. Temperatura do ar pr\u00f3ximo da superf\u00edcie estar menor do que a temperatura do ar em n\u00edveis mais elevados (invers\u00e3o t\u00e9rmica);<\/p>\n\n\n\n<p>2. Umidade relativa do ar acima de 90%; e<\/p>\n\n\n\n<p>3. Aus\u00eancia de ventos.<\/p>\n\n\n\n<p>Quando a neblina tem uma visibilidade menor que 1 Km \u00e9 chamada de nevoeiro. Quando o sol aparece e aquece a superf\u00edcie, a neblina desaparece devido \u00e0s mudan\u00e7as nessas condi\u00e7\u00f5es.<\/p>\n\n\n\n<p>Na Regi\u00e3o Metropolitana do Recife na madrugada de hoje 08\/05\/2022 foram registradas condi\u00e7\u00f5es prop\u00edcias para forma\u00e7\u00e3o de neblina:<\/p>\n\n\n\n<p>Temperatura do ar 21,5\u00b0C, (superf\u00edcie resfriou r\u00e1pido, devido \u00e0 aus\u00eancia de nuvens, assim a temperatura do ar pr\u00f3ximo \u00e0 superf\u00edcie ficou mais fria do que a temperatura do ar alguns metros acima); Umidade relativa do ar entre 96% e 100% e vento calmo.<\/p>\n","protected":false},"excerpt":{"rendered":"<p>Alguns munic\u00edpios pernambucanos registraram neblina nesta ter\u00e7a-feira (07) e hoje (08). A neblina \u00e9 a condensa\u00e7\u00e3o do ar pr\u00f3ximo \u00e0 superf\u00edcie. Para ocorrer precisa da jun\u00e7\u00e3o de 3 fatores: 1. Temperatura do ar pr\u00f3ximo da superf\u00edcie estar menor do que a temperatura do ar em n\u00edveis mais elevados (invers\u00e3o t\u00e9rmica); 2. Umidade relativa do ar [&hellip;]<\/p>\n","protected":false},"author":1,"featured_media":22208,"comment_status":"open","ping_status":"open","sticky":false,"template":"","format":"standard","meta":{"footnotes":""},"categories":[1],"tags":[],"class_list":["post-22207","post","type-post","status-publish","format-standard","has-post-thumbnail","hentry","category-ultimas"],"_links":{"self":[{"href":"https:\/\/olhartech.com\/olharverso\/wp-json\/wp\/v2\/posts\/22207","targetHints":{"allow":["GET"]}}],"collection":[{"href":"https:\/\/olhartech.com\/olharverso\/wp-json\/wp\/v2\/posts"}],"about":[{"href":"https:\/\/olhartech.com\/olharverso\/wp-json\/wp\/v2\/types\/post"}],"author":[{"embeddable":true,"href":"https:\/\/olhartech.com\/olharverso\/wp-json\/wp\/v2\/users\/1"}],"replies":[{"embeddable":true,"href":"https:\/\/olhartech.com\/olharverso\/wp-json\/wp\/v2\/comments?post=22207"}],"version-history":[{"count":1,"href":"https:\/\/olhartech.com\/olharverso\/wp-json\/wp\/v2\/posts\/22207\/revisions"}],"predecessor-version":[{"id":22237,"href":"https:\/\/olhartech.com\/olharverso\/wp-json\/wp\/v2\/posts\/22207\/revisions\/22237"}],"wp:featuredmedia":[{"embeddable":true,"href":"https:\/\/olhartech.com\/olharverso\/wp-json\/wp\/v2\/media\/22208"}],"wp:attachment":[{"href":"https:\/\/olhartech.com\/olharverso\/wp-json\/wp\/v2\/media?parent=22207"}],"wp:term":[{"taxonomy":"category","embeddable":true,"href":"https:\/\/olhartech.com\/olharverso\/wp-json\/wp\/v2\/categories?post=22207"},{"taxonomy":"post_tag","embeddable":true,"href":"https:\/\/olhartech.com\/olharverso\/wp-json\/wp\/v2\/tags?post=22207"}],"curies":[{"name":"wp","href":"https:\/\/api.w.org\/{rel}","templated":true}]}}